{"id":81,"date":"2021-08-09T11:46:42","date_gmt":"2021-08-09T09:46:42","guid":{"rendered":"https:\/\/www.gazdagret.info\/?p=81"},"modified":"2021-08-09T11:46:42","modified_gmt":"2021-08-09T09:46:42","slug":"regos-utca-11-ildi-wellness-es-alakformalo-szalon","status":"publish","type":"post","link":"https:\/\/varosinfo.hu\/gazdagret\/regos-utca-11-ildi-wellness-es-alakformalo-szalon\/","title":{"rendered":"Ildi Wellness \u00e9s Alakform\u00e1l\u00f3 Szalon &#8211; Reg\u0151s utca 11."},"content":{"rendered":"\n<p>Szalonom az eg\u00e9szs\u00e9g \u00e9s sz\u00e9ps\u00e9g fenntart\u00e1s\u00e1t illetve helyre\u00e1ll\u00edt\u00e1s\u00e1t tekinti f\u0151 c\u00e9lj\u00e1nak.Wellness \u00e9s alakform\u00e1l\u00f3 kezel\u00e9seim biztos\u00edtj\u00e1k, hogy eg\u00e9szs\u00e9ges \u00e9s sz\u00e9p lehess.<\/p>\n\n\n\n<p>C\u00edm: 1118 Budapest, Reg\u0151s utca 11.<\/p>\n\n\n\n<p>Honlap: &#8211;<\/p>\n","protected":false},"excerpt":{"rendered":"<p>Szalonom az eg\u00e9szs\u00e9g \u00e9s sz\u00e9ps\u00e9g fenntart\u00e1s\u00e1t illetve helyre\u00e1ll\u00edt\u00e1s\u00e1t tekinti f\u0151 c\u00e9lj\u00e1nak.Wellness \u00e9s alakform\u00e1l\u00f3 kezel\u00e9seim biztos\u00edtj\u00e1k,&#8230;<\/p>\n","protected":false},"author":1,"featured_media":0,"comment_status":"closed","ping_status":"open","sticky":false,"template":"","format":"standard","meta":{"footnotes":""},"categories":[22,25],"tags":[],"class_list":["post-81","post","type-post","status-publish","format-standard","hentry","category-regos-utca","category-szolgaltatas"],"_links":{"self":[{"href":"https:\/\/varosinfo.hu\/gazdagret\/wp-json\/wp\/v2\/posts\/81","targetHints":{"allow":["GET"]}}],"collection":[{"href":"https:\/\/varosinfo.hu\/gazdagret\/wp-json\/wp\/v2\/posts"}],"about":[{"href":"https:\/\/varosinfo.hu\/gazdagret\/wp-json\/wp\/v2\/types\/post"}],"author":[{"embeddable":true,"href":"https:\/\/varosinfo.hu\/gazdagret\/wp-json\/wp\/v2\/users\/1"}],"replies":[{"embeddable":true,"href":"https:\/\/varosinfo.hu\/gazdagret\/wp-json\/wp\/v2\/comments?post=81"}],"version-history":[{"count":0,"href":"https:\/\/varosinfo.hu\/gazdagret\/wp-json\/wp\/v2\/posts\/81\/revisions"}],"wp:attachment":[{"href":"https:\/\/varosinfo.hu\/gazdagret\/wp-json\/wp\/v2\/media?parent=81"}],"wp:term":[{"taxonomy":"category","embeddable":true,"href":"https:\/\/varosinfo.hu\/gazdagret\/wp-json\/wp\/v2\/categories?post=81"},{"taxonomy":"post_tag","embeddable":true,"href":"https:\/\/varosinfo.hu\/gazdagret\/wp-json\/wp\/v2\/tags?post=81"}],"curies":[{"name":"wp","href":"https:\/\/api.w.org\/{rel}","templated":true}]}}