{"id":77,"date":"2021-08-09T11:20:45","date_gmt":"2021-08-09T09:20:45","guid":{"rendered":"https:\/\/www.gazdagret.info\/?p=77"},"modified":"2021-08-09T11:20:45","modified_gmt":"2021-08-09T09:20:45","slug":"verik-ildiko-kozmetikus-mester-higany-utca-20","status":"publish","type":"post","link":"https:\/\/varosinfo.hu\/gazdagret\/verik-ildiko-kozmetikus-mester-higany-utca-20\/","title":{"rendered":"Verik Ildik\u00f3 kozmetikus mester &#8211; Higany utca 20."},"content":{"rendered":"\n<p>T\u00f6bb, mint kozmetikua. Eg\u00e9szs\u00e9ges b\u0151r \u00e9s bels\u0151 egyens\u00faly. Hat\u00e9konys\u00e1g \u00e9s j\u00f3 k\u00f6z\u00e9rzet. Pr\u00e9mium nat\u00far- \u00e9s orvoskozmetikai m\u00e1rk\u00e1k.<\/p>\n\n\n\n<p>C\u00edm: 1118 Budapest, Higany utca 20.<\/p>\n\n\n\n<p>Honlap: <a href=\"https:\/\/verikildiko.hu\/\" target=\"_blank\" rel=\"noreferrer noopener\">https:\/\/verikildiko.hu\/<\/a><\/p>\n","protected":false},"excerpt":{"rendered":"<p>T\u00f6bb, mint kozmetikua. Eg\u00e9szs\u00e9ges b\u0151r \u00e9s bels\u0151 egyens\u00faly. Hat\u00e9konys\u00e1g \u00e9s j\u00f3 k\u00f6z\u00e9rzet. Pr\u00e9mium nat\u00far- \u00e9s&#8230;<\/p>\n","protected":false},"author":1,"featured_media":0,"comment_status":"closed","ping_status":"open","sticky":false,"template":"","format":"standard","meta":{"footnotes":""},"categories":[17,25],"tags":[],"class_list":["post-77","post","type-post","status-publish","format-standard","hentry","category-higany-utca","category-szolgaltatas"],"_links":{"self":[{"href":"https:\/\/varosinfo.hu\/gazdagret\/wp-json\/wp\/v2\/posts\/77","targetHints":{"allow":["GET"]}}],"collection":[{"href":"https:\/\/varosinfo.hu\/gazdagret\/wp-json\/wp\/v2\/posts"}],"about":[{"href":"https:\/\/varosinfo.hu\/gazdagret\/wp-json\/wp\/v2\/types\/post"}],"author":[{"embeddable":true,"href":"https:\/\/varosinfo.hu\/gazdagret\/wp-json\/wp\/v2\/users\/1"}],"replies":[{"embeddable":true,"href":"https:\/\/varosinfo.hu\/gazdagret\/wp-json\/wp\/v2\/comments?post=77"}],"version-history":[{"count":0,"href":"https:\/\/varosinfo.hu\/gazdagret\/wp-json\/wp\/v2\/posts\/77\/revisions"}],"wp:attachment":[{"href":"https:\/\/varosinfo.hu\/gazdagret\/wp-json\/wp\/v2\/media?parent=77"}],"wp:term":[{"taxonomy":"category","embeddable":true,"href":"https:\/\/varosinfo.hu\/gazdagret\/wp-json\/wp\/v2\/categories?post=77"},{"taxonomy":"post_tag","embeddable":true,"href":"https:\/\/varosinfo.hu\/gazdagret\/wp-json\/wp\/v2\/tags?post=77"}],"curies":[{"name":"wp","href":"https:\/\/api.w.org\/{rel}","templated":true}]}}