{"id":73,"date":"2021-08-09T10:20:08","date_gmt":"2021-08-09T08:20:08","guid":{"rendered":"https:\/\/www.gazdagret.info\/?p=73"},"modified":"2021-08-09T10:20:08","modified_gmt":"2021-08-09T08:20:08","slug":"lang-fele-zoldseg-gyumolcs-frankhegy-utca-9","status":"publish","type":"post","link":"https:\/\/varosinfo.hu\/gazdagret\/lang-fele-zoldseg-gyumolcs-frankhegy-utca-9\/","title":{"rendered":"Lang-f\u00e9le z\u00f6lds\u00e9g-gy\u00fcm\u00f6lcs &#8211; Frankhegy 9."},"content":{"rendered":"\n<p>C\u00edm: 1118 Budapest, Frankhegy utca 9.<\/p>\n\n\n\n<p>Nyitvatart\u00e1si rend:<\/p>\n\n\n\n<ul class=\"wp-block-list\"><li>h\u00e9tf\u0151 &#8211; p\u00e9ntek 08:00-12:00 \u00e9s 15:00-18:30<\/li><li>szombat: 08:00-13:00<\/li><li>vas\u00e1rnap: z\u00e1rva<\/li><\/ul>\n\n\n\n<p>Honlap: &#8211;<\/p>\n","protected":false},"excerpt":{"rendered":"<p>C\u00edm: 1118 Budapest, Frankhegy utca 9. Nyitvatart\u00e1si rend: h\u00e9tf\u0151 &#8211; p\u00e9ntek 08:00-12:00 \u00e9s 15:00-18:30 szombat:&#8230;<\/p>\n","protected":false},"author":1,"featured_media":74,"comment_status":"closed","ping_status":"open","sticky":false,"template":"","format":"standard","meta":{"footnotes":""},"categories":[13,14],"tags":[28,49],"class_list":["post-73","post","type-post","status-publish","format-standard","has-post-thumbnail","hentry","category-elelmiszer-jellegu-kereskedelem","category-frankhegy-utca","tag-bolt","tag-zoldseg-gyumolcs"],"_links":{"self":[{"href":"https:\/\/varosinfo.hu\/gazdagret\/wp-json\/wp\/v2\/posts\/73","targetHints":{"allow":["GET"]}}],"collection":[{"href":"https:\/\/varosinfo.hu\/gazdagret\/wp-json\/wp\/v2\/posts"}],"about":[{"href":"https:\/\/varosinfo.hu\/gazdagret\/wp-json\/wp\/v2\/types\/post"}],"author":[{"embeddable":true,"href":"https:\/\/varosinfo.hu\/gazdagret\/wp-json\/wp\/v2\/users\/1"}],"replies":[{"embeddable":true,"href":"https:\/\/varosinfo.hu\/gazdagret\/wp-json\/wp\/v2\/comments?post=73"}],"version-history":[{"count":0,"href":"https:\/\/varosinfo.hu\/gazdagret\/wp-json\/wp\/v2\/posts\/73\/revisions"}],"wp:featuredmedia":[{"embeddable":true,"href":"https:\/\/varosinfo.hu\/gazdagret\/wp-json\/wp\/v2\/media\/74"}],"wp:attachment":[{"href":"https:\/\/varosinfo.hu\/gazdagret\/wp-json\/wp\/v2\/media?parent=73"}],"wp:term":[{"taxonomy":"category","embeddable":true,"href":"https:\/\/varosinfo.hu\/gazdagret\/wp-json\/wp\/v2\/categories?post=73"},{"taxonomy":"post_tag","embeddable":true,"href":"https:\/\/varosinfo.hu\/gazdagret\/wp-json\/wp\/v2\/tags?post=73"}],"curies":[{"name":"wp","href":"https:\/\/api.w.org\/{rel}","templated":true}]}}