{"id":69,"date":"2021-08-09T09:20:07","date_gmt":"2021-08-09T07:20:07","guid":{"rendered":"https:\/\/www.gazdagret.info\/?p=69"},"modified":"2021-08-09T09:20:07","modified_gmt":"2021-08-09T07:20:07","slug":"tortavar-torokugrato-utca-12","status":"publish","type":"post","link":"https:\/\/varosinfo.hu\/gazdagret\/tortavar-torokugrato-utca-12\/","title":{"rendered":"Tortav\u00e1r &#8211; T\u00f6r\u00f6kugrat\u00f3 utca 12."},"content":{"rendered":"\n<p>Fagylaltak, s\u00f3s \u00e9s \u00e9des s\u00fctem\u00e9nyek, tort\u00e1k.<\/p>\n\n\n\n<p>C\u00edm: 1118 Budapest, T\u00f6r\u00f6kugrat\u00f3 utca 12.<\/p>\n\n\n\n<p>Nyitvatart\u00e1si rend:<\/p>\n\n\n\n<p>h\u00e9tf\u0151 &#8211; vas\u00e1rnap: 09:00 &#8211; 18:00<\/p>\n","protected":false},"excerpt":{"rendered":"<p>Fagylaltak, s\u00f3s \u00e9s \u00e9des s\u00fctem\u00e9nyek, tort\u00e1k. C\u00edm: 1118 Budapest, T\u00f6r\u00f6kugrat\u00f3 utca 12. Nyitvatart\u00e1si rend: h\u00e9tf\u0151&#8230;<\/p>\n","protected":false},"author":1,"featured_media":0,"comment_status":"closed","ping_status":"open","sticky":false,"template":"","format":"standard","meta":{"footnotes":""},"categories":[11,27],"tags":[],"class_list":["post-69","post","type-post","status-publish","format-standard","hentry","category-cukraszda-kavezo-pekseg","category-torokugrato-utca"],"_links":{"self":[{"href":"https:\/\/varosinfo.hu\/gazdagret\/wp-json\/wp\/v2\/posts\/69","targetHints":{"allow":["GET"]}}],"collection":[{"href":"https:\/\/varosinfo.hu\/gazdagret\/wp-json\/wp\/v2\/posts"}],"about":[{"href":"https:\/\/varosinfo.hu\/gazdagret\/wp-json\/wp\/v2\/types\/post"}],"author":[{"embeddable":true,"href":"https:\/\/varosinfo.hu\/gazdagret\/wp-json\/wp\/v2\/users\/1"}],"replies":[{"embeddable":true,"href":"https:\/\/varosinfo.hu\/gazdagret\/wp-json\/wp\/v2\/comments?post=69"}],"version-history":[{"count":0,"href":"https:\/\/varosinfo.hu\/gazdagret\/wp-json\/wp\/v2\/posts\/69\/revisions"}],"wp:attachment":[{"href":"https:\/\/varosinfo.hu\/gazdagret\/wp-json\/wp\/v2\/media?parent=69"}],"wp:term":[{"taxonomy":"category","embeddable":true,"href":"https:\/\/varosinfo.hu\/gazdagret\/wp-json\/wp\/v2\/categories?post=69"},{"taxonomy":"post_tag","embeddable":true,"href":"https:\/\/varosinfo.hu\/gazdagret\/wp-json\/wp\/v2\/tags?post=69"}],"curies":[{"name":"wp","href":"https:\/\/api.w.org\/{rel}","templated":true}]}}