{"id":467,"date":"2026-04-23T18:56:56","date_gmt":"2026-04-23T16:56:56","guid":{"rendered":"https:\/\/varosinfo.hu\/gazdagret\/?p=467"},"modified":"2026-04-23T18:58:10","modified_gmt":"2026-04-23T16:58:10","slug":"csalok-a-kelenfoldi-aluljaroban","status":"publish","type":"post","link":"https:\/\/varosinfo.hu\/gazdagret\/csalok-a-kelenfoldi-aluljaroban\/","title":{"rendered":"CSAL\u00d3K a Kelenf\u00f6ldi alulj\u00e1r\u00f3ban"},"content":{"rendered":"\n<h4 class=\"wp-block-heading\"><\/h4>\n\n\n\n<p>Csal\u00f3 t\u00edpusok:<\/p>\n\n\n\n<p>1.)&nbsp;<strong>BKK automata k\u00f6r\u00fcl 50 \u00e9v k\u00f6r\u00fcli alacsony f\u00e9rfi \u00e9s k\u00e9t 60 \u00e9v k\u00f6r\u00fcli &#8222;banyatankot&#8221; tart\u00f3 n\u00e9ni.&nbsp;<\/strong>Csak buszjegyre k\u00e9rnek, a sz\u00f6veg szerint vagy k\u00f3rh\u00e1zba mennek vagy nincs p\u00e9nz a k\u00e1rty\u00e1jukon. Egy-k\u00e9t jegy csak n\u00e9h\u00e1nysz\u00e1z forint, de ebb\u0151l l\u00e1that\u00f3an j\u00f3l meg\u00e9lnek, legink\u00e1bb a n\u0151k k\u00e9regetnek, a f\u00e9rfi pedig pr\u00f3b\u00e1lja eladni a jegyv\u00e1s\u00e1rl\u00f3knak a hazugs\u00e1ggal megszerzett jegyet. B\u0171n\u00fck: csal\u00e1s \u00e9s koldul\u00e1s, mindkett\u0151t b\u00fcnteti a t\u00f6rv\u00e9ny, a koldul\u00e1st er\u0151sebben.<\/p>\n\n\n\n<p>2.)&nbsp;<strong>Kb. k\u00f6z\u00e9pen egy fiatalos h\u00f6lgy \u00e9s k\u00e9t marcona fiatalember matric\u00e1t vagy egy\u00e9b dolgokat nyom a s\u00e9t\u00e1l\u00f3k kez\u00e9be<\/strong>, majd r\u00f6gt\u00f6n meg is sz\u00f3l\u00edtja \u0151ket, hogy \u00e9hez\u0151 vid\u00e9ki gyerekeknek seg\u00edtsenek m\u00e1r p\u00e1r forinttal, mert nekik gy\u0171jtenek. Gyakorlatilag lehet, hogy \u00e9l\u0151 alap\u00edtv\u00e1nyr\u00f3l van sz\u00f3, lehet, hogy val\u00f3ban az adott alap\u00edtv\u00e1nyhoz tartoznak a szem\u00e9lyek, lehet, hogy van enged\u00e9ly\u00fck k\u00f6zter\u00fcleten k\u00e9rni, \u00e9s gyakorlatilag t\u00f6rv\u00e9nyileg enged\u00e9lyezett is a k\u00e9szp\u00e9nzes gy\u0171jt\u00e9s, DE! k\u00e9szp\u00e9nzben csak \u00e9s kiz\u00e1r\u00f3lag \u00fagy fogadhatn\u00e1nak el p\u00e9nzt adom\u00e1nyk\u00e9nt, ha azt olyan urn\u00e1ba vagy m\u00e1s eszk\u00f6zbe teszik, ami nem kinyithat\u00f3, nem hozz\u00e1f\u00e9rhet\u0151, mintegy blomb\u00e1zott urna. Sejtem, hogy ilyen\u00fck nincs. Ha m\u00e9gis lenne, akkor se vagyok biztos benne, hogy j\u00f3 helyre megy az \u00f6sszeg, mert legal\u00e1bb k\u00e9t k\u00fcl\u00f6nb\u00f6z\u0151 alap\u00edtv\u00e1ny nev\u00e9ben gy\u0171jt\u00f6getnek, egyik nap ennek, m\u00e1sik nap annak, azt\u00e1n lehet, harmadik nap meg egy harmadiknak. Hiteltelenek.<\/p>\n\n\n\n<p>Ha van k\u00f6zel k\u00f6zter\u00fcletfel\u00fcgyel\u0151 vagy rend\u0151r, az \u0151 seg\u00edts\u00e9g\u00fckkel elt\u00e1vol\u00edthat\u00f3ak a ter\u00fcletr\u0151l. Ha nincs, mondhat\u00f3 nekik, hogy maradjanak itt \u00e9s mindj\u00e1rt telefonon bejelentve \u00e9rkezik valamelyik szervezet.<\/p>\n","protected":false},"excerpt":{"rendered":"<p>Bizony\u00e1ra t\u00f6bben j\u00e1rnak (ak\u00e1r kereszt\u00fcl) a Kelenf\u00f6ldi alulj\u00e1r\u00f3n, \u00edgy nagy es\u00e9llyel tal\u00e1lkozhatnak az al\u00e1bbi csal\u00f3kkal, akiknek ne d\u0151ljenek be. Legink\u00e1bb a fiatalok \u00e9s az id\u0151sek a vesz\u00e9lyeztettek szerintem.<\/p>\n","protected":false},"author":1,"featured_media":470,"comment_status":"closed","ping_status":"closed","sticky":false,"template":"","format":"standard","meta":{"footnotes":""},"categories":[3],"tags":[],"class_list":["post-467","post","type-post","status-publish","format-standard","has-post-thumbnail","hentry","category-informacio"],"_links":{"self":[{"href":"https:\/\/varosinfo.hu\/gazdagret\/wp-json\/wp\/v2\/posts\/467","targetHints":{"allow":["GET"]}}],"collection":[{"href":"https:\/\/varosinfo.hu\/gazdagret\/wp-json\/wp\/v2\/posts"}],"about":[{"href":"https:\/\/varosinfo.hu\/gazdagret\/wp-json\/wp\/v2\/types\/post"}],"author":[{"embeddable":true,"href":"https:\/\/varosinfo.hu\/gazdagret\/wp-json\/wp\/v2\/users\/1"}],"replies":[{"embeddable":true,"href":"https:\/\/varosinfo.hu\/gazdagret\/wp-json\/wp\/v2\/comments?post=467"}],"version-history":[{"count":2,"href":"https:\/\/varosinfo.hu\/gazdagret\/wp-json\/wp\/v2\/posts\/467\/revisions"}],"predecessor-version":[{"id":469,"href":"https:\/\/varosinfo.hu\/gazdagret\/wp-json\/wp\/v2\/posts\/467\/revisions\/469"}],"wp:featuredmedia":[{"embeddable":true,"href":"https:\/\/varosinfo.hu\/gazdagret\/wp-json\/wp\/v2\/media\/470"}],"wp:attachment":[{"href":"https:\/\/varosinfo.hu\/gazdagret\/wp-json\/wp\/v2\/media?parent=467"}],"wp:term":[{"taxonomy":"category","embeddable":true,"href":"https:\/\/varosinfo.hu\/gazdagret\/wp-json\/wp\/v2\/categories?post=467"},{"taxonomy":"post_tag","embeddable":true,"href":"https:\/\/varosinfo.hu\/gazdagret\/wp-json\/wp\/v2\/tags?post=467"}],"curies":[{"name":"wp","href":"https:\/\/api.w.org\/{rel}","templated":true}]}}