{"id":420,"date":"2025-09-29T13:45:56","date_gmt":"2025-09-29T11:45:56","guid":{"rendered":"https:\/\/gazdagret.varosinfo.hu\/?p=420"},"modified":"2026-01-15T12:31:52","modified_gmt":"2026-01-15T11:31:52","slug":"oktober-1-tol-valtoztat-a-szemetszallitason-a-mohu","status":"publish","type":"post","link":"https:\/\/varosinfo.hu\/gazdagret\/oktober-1-tol-valtoztat-a-szemetszallitason-a-mohu\/","title":{"rendered":"Okt\u00f3ber 1-t\u0151l v\u00e1ltoztat a szem\u00e9tsz\u00e1ll\u00edt\u00e1son a MOHU"},"content":{"rendered":"\n<p>A nem megfelel\u0151 hullad\u00e9kelhelyez\u00e9s b\u00fcntethet\u0151, a k\u00f6z\u00f6ss\u00e9gre n\u00e9zve pedig anyagi \u00e9s jogi k\u00f6vetkezm\u00e9nyekkel j\u00e1rhat.<\/p>\n\n\n\n<h2 class=\"wp-block-heading\">Melyik hullad\u00e9k hova ker\u00fcl?<\/h2>\n\n\n\n<p>\u26a0\ufe0f Fontos: 2025. okt\u00f3ber 1-j\u00e9t\u0151l a MOHU ellen\u0151rizheti a kuk\u00e1k tartalm\u00e1t, \u00e9s b\u00edrs\u00e1got szabhat ki a szab\u00e1lytalan haszn\u00e1lat miatt.<\/p>\n\n\n\n<h3 class=\"wp-block-heading\">Kommun\u00e1lis (vegyes) hullad\u00e9k &#8211; z\u00f6ld kuka:<\/h3>\n\n\n\n<p>\u2705 Mehet bele:<\/p>\n\n\n\n<ul class=\"wp-block-list\">\n<li>H\u00e1ztart\u00e1si szem\u00e9t (pl. koszos csomagol\u00f3anyag, haszn\u00e1lt pap\u00edrzsebkend\u0151)<\/li>\n\n\n\n<li>Nem \u00fajrahasznos\u00edthat\u00f3 \u00e9lelmiszermarad\u00e9k<\/li>\n<\/ul>\n\n\n\n<p>\ud83d\udeab TILOS beledobni:<\/p>\n\n\n\n<ul class=\"wp-block-list\">\n<li>Pap\u00edr (\u00fajs\u00e1g, karton, csomagol\u00f3pap\u00edr)<\/li>\n\n\n\n<li>M\u0171anyag (palack, zacsk\u00f3, csomagol\u00e1s)<\/li>\n\n\n\n<li>F\u00e9m (konzervdoboz, alum\u00ednium)<\/li>\n\n\n\n<li>\u00dcveg, elektronikai hullad\u00e9k, textil, z\u00f6ldhullad\u00e9k<\/li>\n<\/ul>\n\n\n\n<h3 class=\"wp-block-heading\">\ud83d\udd35 SZELEKT\u00cdV \u2013 Pap\u00edr \u00e9s M\u0171anyag\/F\u00e9m gy\u0171jt\u0151k<\/h3>\n\n\n\n<p>\u2705 Pap\u00edrgy\u0171jt\u0151be mehet:<\/p>\n\n\n\n<ul class=\"wp-block-list\">\n<li>\u00dajs\u00e1g, pap\u00edrlapok, karton (pl. pizz\u00e1sdoboz, ha nem zs\u00edros)<\/li>\n\n\n\n<li>Csomagol\u00f3pap\u00edrok (nem f\u00e9nyes\u00edtett, nem m\u0171anyagos)<\/li>\n<\/ul>\n\n\n\n<p>\u2705 M\u0171anyag\/f\u00e9mgy\u0171jt\u0151be mehet:<\/p>\n\n\n\n<ul class=\"wp-block-list\">\n<li>PET-palackok, \u00fcd\u00edt\u0151s \u00e9s vizes palackok<\/li>\n\n\n\n<li>Tejes\/dobozos italos karton (pl. Tetra Pak \u2013 csak tiszt\u00e1n!)<\/li>\n\n\n\n<li>M\u0171anyag zacsk\u00f3, f\u00f3lia, f\u00e9m italosdoboz, konzervdoboz<\/li>\n<\/ul>\n\n\n\n<p>\ud83d\udeab Tilos:<\/p>\n\n\n\n<ul class=\"wp-block-list\">\n<li>Szennyezett csomagol\u00e1s (pl. \u00e9telmarad\u00e9kos doboz)<\/li>\n\n\n\n<li>Haszn\u00e1lt pap\u00edrzsebkend\u0151, szalv\u00e9ta<\/li>\n\n\n\n<li>Vegyesen dobott szem\u00e9t (pl. m\u0171anyagba pap\u00edr vagy ford\u00edtva)<\/li>\n<\/ul>\n\n\n\n<p>A szelekt\u00edv gy\u0171jt\u00e9s csak akkor m\u0171k\u00f6dik, ha mindenki tiszt\u00e1n, rendeltet\u00e9sszer\u0171en helyezi el a hullad\u00e9kot. Zs\u00e1kban dobhat\u00f3, de a zs\u00e1k \u00e1tl\u00e1tsz\u00f3 legyen.<\/p>\n\n\n\n<h3 class=\"wp-block-heading\">\ud83d\udfe2 \u00dcVEG, ELEKTRONIKA, LOM, VESZ\u00c9LYES HULLAD\u00c9K<\/h3>\n\n\n\n<ul class=\"wp-block-list\">\n<li>\u00dcveg (pl. boros\u00fcveg, bef\u0151ttes\u00fcveg): csak a k\u00f6zeli \u00fcveggy\u0171jt\u0151 kont\u00e9nerekbe vagy hullad\u00e9kudvarba helyezhet\u0151.<\/li>\n\n\n\n<li>Elektronikai hullad\u00e9k (pl. r\u00e9gi laptop, hajsz\u00e1r\u00edt\u00f3): a MOHU \u00e1ltal kijel\u00f6lt helysz\u00edneken adhat\u00f3 le.<\/li>\n\n\n\n<li>Lomhullad\u00e9k, \u00e9p\u00edt\u00e9si t\u00f6rmel\u00e9k, z\u00f6ldhullad\u00e9k: k\u00fcl\u00f6n bejelent\u00e9s \u00e9s gy\u0171jt\u00e9si id\u0151pont szerint.<\/li>\n<\/ul>\n\n\n\n<hr class=\"wp-block-separator has-alpha-channel-opacity\"\/>\n\n\n\n<p>K\u00e9rj\u00fck, ne helyezzenek ki hullad\u00e9kot a h\u00e1z el\u00e9 vagy a kuk\u00e1k mell\u00e9!<\/p>\n\n\n\n<p>Ne rakjanak le b\u00fatorokat, elektromos eszk\u00f6z\u00f6ket, zs\u00e1kos hullad\u00e9kot az ed\u00e9ny mell\u00e9!<\/p>\n\n\n\n<p>A nem megfelel\u0151 hullad\u00e9kelhelyez\u00e9s szab\u00e1lys\u00e9rt\u00e9s. A b\u00edrs\u00e1got a t\u00e1rsash\u00e1znak, azaz k\u00f6z\u00f6sen mindannyiunknak kell viselni.<\/p>\n\n\n\n<p>Felel\u0151sen, egym\u00e1sra is figyelve kezelje a hullad\u00e9kelhelyez\u00e9st! A szab\u00e1lyos gy\u0171jt\u00e9s k\u00f6z\u00f6s \u00e9rdek\u00fcnk.<\/p>\n\n\n\n<hr class=\"wp-block-separator has-alpha-channel-opacity\"\/>\n\n\n\n<p>Tov\u00e1bbi hivatalos inform\u00e1ci\u00f3 itt \u00e9rhet\u0151 el: <a href=\"https:\/\/mohu.hu\/hu\/mit-hova-dobjak\" target=\"_blank\" rel=\"noreferrer noopener\">https:\/\/mohu.hu\/hu\/mit-hova-dobjak<\/a><\/p>\n\n\n\n<hr class=\"wp-block-separator has-alpha-channel-opacity\"\/>\n\n\n\n<p>A Gazdagr\u00e9ti Uszoda m\u00f6g\u00f6tt pedig m\u0171k\u00f6dik egy k\u00f6z\u00f6ss\u00e9gi komposzt\u00e1l\u00f3, ahova szint\u00fagy vihet\u0151 megfelel\u0151 hullad\u00e9k.<\/p>\n\n\n\n<figure class=\"wp-block-gallery has-nested-images columns-1 is-cropped wp-block-gallery-1 is-layout-flex wp-block-gallery-is-layout-flex\">\n<figure data-wp-context=\"{&quot;imageId&quot;:&quot;69f1e30a7b26c&quot;}\" data-wp-interactive=\"core\/image\" data-wp-key=\"69f1e30a7b26c\" class=\"wp-block-image size-large wp-lightbox-container\"><img loading=\"lazy\" decoding=\"async\" width=\"1452\" height=\"2048\" data-wp-class--hide=\"state.isContentHidden\" data-wp-class--show=\"state.isContentVisible\" data-wp-init=\"callbacks.setButtonStyles\" data-wp-on--click=\"actions.showLightbox\" data-wp-on--load=\"callbacks.setButtonStyles\" data-wp-on-window--resize=\"callbacks.setButtonStyles\" data-id=\"93\" src=\"https:\/\/varosinfo.hu\/gazdagret\/wp-content\/uploads\/sites\/2\/2021\/09\/mi-nem-kerulhet-a-komposztba_toth-akos-gazdagret-csoport-8.jpg\" alt=\"\" class=\"wp-image-93\" srcset=\"https:\/\/varosinfo.hu\/gazdagret\/wp-content\/uploads\/sites\/2\/2021\/09\/mi-nem-kerulhet-a-komposztba_toth-akos-gazdagret-csoport-8.jpg 1452w, https:\/\/varosinfo.hu\/gazdagret\/wp-content\/uploads\/sites\/2\/2021\/09\/mi-nem-kerulhet-a-komposztba_toth-akos-gazdagret-csoport-8-768x1083.jpg 768w, https:\/\/varosinfo.hu\/gazdagret\/wp-content\/uploads\/sites\/2\/2021\/09\/mi-nem-kerulhet-a-komposztba_toth-akos-gazdagret-csoport-8-1089x1536.jpg 1089w\" sizes=\"auto, (max-width: 1452px) 100vw, 1452px\" \/><button\n\t\t\tclass=\"lightbox-trigger\"\n\t\t\ttype=\"button\"\n\t\t\taria-haspopup=\"dialog\"\n\t\t\taria-label=\"Nagy\u00edt\u00e1s\"\n\t\t\tdata-wp-init=\"callbacks.initTriggerButton\"\n\t\t\tdata-wp-on--click=\"actions.showLightbox\"\n\t\t\tdata-wp-style--right=\"state.imageButtonRight\"\n\t\t\tdata-wp-style--top=\"state.imageButtonTop\"\n\t\t>\n\t\t\t<svg xmlns=\"http:\/\/www.w3.org\/2000\/svg\" width=\"12\" height=\"12\" fill=\"none\" viewBox=\"0 0 12 12\">\n\t\t\t\t<path fill=\"#fff\" d=\"M2 0a2 2 0 0 0-2 2v2h1.5V2a.5.5 0 0 1 .5-.5h2V0H2Zm2 10.5H2a.5.5 0 0 1-.5-.5V8H0v2a2 2 0 0 0 2 2h2v-1.5ZM8 12v-1.5h2a.5.5 0 0 0 .5-.5V8H12v2a2 2 0 0 1-2 2H8Zm2-12a2 2 0 0 1 2 2v2h-1.5V2a.5.5 0 0 0-.5-.5H8V0h2Z\" \/>\n\t\t\t<\/svg>\n\t\t<\/button><\/figure>\n\n\n\n<figure data-wp-context=\"{&quot;imageId&quot;:&quot;69f1e30a7b621&quot;}\" data-wp-interactive=\"core\/image\" data-wp-key=\"69f1e30a7b621\" class=\"wp-block-image size-large wp-lightbox-container\"><img loading=\"lazy\" decoding=\"async\" width=\"1452\" height=\"2048\" data-wp-class--hide=\"state.isContentHidden\" data-wp-class--show=\"state.isContentVisible\" data-wp-init=\"callbacks.setButtonStyles\" data-wp-on--click=\"actions.showLightbox\" data-wp-on--load=\"callbacks.setButtonStyles\" data-wp-on-window--resize=\"callbacks.setButtonStyles\" data-id=\"94\" src=\"https:\/\/varosinfo.hu\/gazdagret\/wp-content\/uploads\/sites\/2\/2021\/09\/mi-kerulhet-a-komposztba_toth-akos-gazdagret-csoport-8.jpg\" alt=\"\" class=\"wp-image-94\" srcset=\"https:\/\/varosinfo.hu\/gazdagret\/wp-content\/uploads\/sites\/2\/2021\/09\/mi-kerulhet-a-komposztba_toth-akos-gazdagret-csoport-8.jpg 1452w, https:\/\/varosinfo.hu\/gazdagret\/wp-content\/uploads\/sites\/2\/2021\/09\/mi-kerulhet-a-komposztba_toth-akos-gazdagret-csoport-8-768x1083.jpg 768w, https:\/\/varosinfo.hu\/gazdagret\/wp-content\/uploads\/sites\/2\/2021\/09\/mi-kerulhet-a-komposztba_toth-akos-gazdagret-csoport-8-1089x1536.jpg 1089w\" sizes=\"auto, (max-width: 1452px) 100vw, 1452px\" \/><button\n\t\t\tclass=\"lightbox-trigger\"\n\t\t\ttype=\"button\"\n\t\t\taria-haspopup=\"dialog\"\n\t\t\taria-label=\"Nagy\u00edt\u00e1s\"\n\t\t\tdata-wp-init=\"callbacks.initTriggerButton\"\n\t\t\tdata-wp-on--click=\"actions.showLightbox\"\n\t\t\tdata-wp-style--right=\"state.imageButtonRight\"\n\t\t\tdata-wp-style--top=\"state.imageButtonTop\"\n\t\t>\n\t\t\t<svg xmlns=\"http:\/\/www.w3.org\/2000\/svg\" width=\"12\" height=\"12\" fill=\"none\" viewBox=\"0 0 12 12\">\n\t\t\t\t<path fill=\"#fff\" d=\"M2 0a2 2 0 0 0-2 2v2h1.5V2a.5.5 0 0 1 .5-.5h2V0H2Zm2 10.5H2a.5.5 0 0 1-.5-.5V8H0v2a2 2 0 0 0 2 2h2v-1.5ZM8 12v-1.5h2a.5.5 0 0 0 .5-.5V8H12v2a2 2 0 0 1-2 2H8Zm2-12a2 2 0 0 1 2 2v2h-1.5V2a.5.5 0 0 0-.5-.5H8V0h2Z\" \/>\n\t\t\t<\/svg>\n\t\t<\/button><\/figure>\n<\/figure>\n\n\n\n<p><\/p>\n","protected":false},"excerpt":{"rendered":"<p>2025. okt\u00f3ber 1-j\u00e9t\u0151l orsz\u00e1gos szinten szigorodnak a hullad\u00e9kgy\u0171jt\u00e9s szab\u00e1lyai. A MOHU Zrt. \u00e1ltal \u00e9letbe l\u00e9ptetett \u00faj el\u0151\u00edr\u00e1sok \u00e9rtelm\u00e9ben minden t\u00e1rsash\u00e1zi lak\u00f3nak k\u00f6teless\u00e9ge a megfelel\u0151 kuk\u00e1t haszn\u00e1lni az adott hullad\u00e9kt\u00edpushoz.<\/p>\n","protected":false},"author":1,"featured_media":421,"comment_status":"closed","ping_status":"closed","sticky":false,"template":"","format":"standard","meta":{"footnotes":""},"categories":[2],"tags":[],"class_list":["post-420","post","type-post","status-publish","format-standard","has-post-thumbnail","hentry","category-hirek"],"_links":{"self":[{"href":"https:\/\/varosinfo.hu\/gazdagret\/wp-json\/wp\/v2\/posts\/420","targetHints":{"allow":["GET"]}}],"collection":[{"href":"https:\/\/varosinfo.hu\/gazdagret\/wp-json\/wp\/v2\/posts"}],"about":[{"href":"https:\/\/varosinfo.hu\/gazdagret\/wp-json\/wp\/v2\/types\/post"}],"author":[{"embeddable":true,"href":"https:\/\/varosinfo.hu\/gazdagret\/wp-json\/wp\/v2\/users\/1"}],"replies":[{"embeddable":true,"href":"https:\/\/varosinfo.hu\/gazdagret\/wp-json\/wp\/v2\/comments?post=420"}],"version-history":[{"count":2,"href":"https:\/\/varosinfo.hu\/gazdagret\/wp-json\/wp\/v2\/posts\/420\/revisions"}],"predecessor-version":[{"id":458,"href":"https:\/\/varosinfo.hu\/gazdagret\/wp-json\/wp\/v2\/posts\/420\/revisions\/458"}],"wp:featuredmedia":[{"embeddable":true,"href":"https:\/\/varosinfo.hu\/gazdagret\/wp-json\/wp\/v2\/media\/421"}],"wp:attachment":[{"href":"https:\/\/varosinfo.hu\/gazdagret\/wp-json\/wp\/v2\/media?parent=420"}],"wp:term":[{"taxonomy":"category","embeddable":true,"href":"https:\/\/varosinfo.hu\/gazdagret\/wp-json\/wp\/v2\/categories?post=420"},{"taxonomy":"post_tag","embeddable":true,"href":"https:\/\/varosinfo.hu\/gazdagret\/wp-json\/wp\/v2\/tags?post=420"}],"curies":[{"name":"wp","href":"https:\/\/api.w.org\/{rel}","templated":true}]}}