{"id":367,"date":"2025-08-27T10:01:14","date_gmt":"2025-08-27T08:01:14","guid":{"rendered":"https:\/\/gazdagret.varosinfo.hu\/?p=367"},"modified":"2025-08-27T10:01:14","modified_gmt":"2025-08-27T08:01:14","slug":"betyar-betero","status":"publish","type":"post","link":"https:\/\/varosinfo.hu\/gazdagret\/betyar-betero\/","title":{"rendered":"[V\u00c9GLEG BEZ\u00c1RT] Bety\u00e1r Bet\u00e9r\u0151 Gazdagr\u00e9ten"},"content":{"rendered":"\n<p>A men\u00fc mellett p\u00e9ld\u00e1ul l\u00e1ngos \u00e9s palacsinta is kaphat\u00f3.<\/p>\n\n\n\n<p>A men\u00fc \u00e1ra 2.800,- forint \/ nap, de a mennyis\u00e9gre biztosan nem lesz panasz. Nagy val\u00f3sz\u00edn\u0171s\u00e9ggel a h\u00e1zias \u00edzek kedvel\u0151inek a min\u0151s\u00e9gre sem.<\/p>\n\n\n\n<h2 class=\"wp-block-heading\">El\u00e9rhet\u0151s\u00e9gek<\/h2>\n\n\n\n<ul class=\"wp-block-list\">\n<li>c\u00edm: 1118 Budapest, Frankhegy utca 6.<\/li>\n\n\n\n<li>telefon: +36307514448<\/li>\n<\/ul>\n\n\n\n<h2 class=\"wp-block-heading\">Nyitvatart\u00e1si rend<\/h2>\n\n\n\n<ul class=\"wp-block-list\">\n<li>h\u00e9tf\u0151: 10:00 &#8211; 13:00<\/li>\n\n\n\n<li>kedd: 10:00 &#8211; 13:00<\/li>\n\n\n\n<li>szerda: 10:00 &#8211; 13:00<\/li>\n\n\n\n<li>cs\u00fct\u00f6rt\u00f6k: 10:00 &#8211; 13:00<\/li>\n\n\n\n<li>p\u00e9ntek: 10:00 &#8211; 13:00<\/li>\n\n\n\n<li>szombat: z\u00e1rva<\/li>\n\n\n\n<li>vas\u00e1rnap: z\u00e1rva<\/li>\n<\/ul>\n","protected":false},"excerpt":{"rendered":"<p>A Frankhegy utca 6. f\u00f6ldszintj\u00e9n tal\u00e1lhat\u00f3 szolg\u00e1ltat\u00f3 h\u00e9tk\u00f6znapokon napi men\u00fct biztos\u00edt a k\u00f6rny\u00e9kbelieknek. Alapvet\u0151en mindig a k\u00f6vetkez\u0151 napt\u00f3l lehet ig\u00e9nyelni a men\u00fct, de ha id\u0151ben jelentkez\u00fcnk, vagy valaki nem veszi \u00e1t, tal\u00e1n napon bel\u00fcl is van lehet\u0151s\u00e9g megrendelni.<\/p>\n","protected":false},"author":1,"featured_media":393,"comment_status":"closed","ping_status":"closed","sticky":false,"template":"","format":"standard","meta":{"footnotes":""},"categories":[14,15],"tags":[30,37,40,43],"class_list":["post-367","post","type-post","status-publish","format-standard","has-post-thumbnail","hentry","category-frankhegy-utca","category-gasztronomia","tag-etterem","tag-heti-menu","tag-kifozde","tag-napi-menu"],"_links":{"self":[{"href":"https:\/\/varosinfo.hu\/gazdagret\/wp-json\/wp\/v2\/posts\/367","targetHints":{"allow":["GET"]}}],"collection":[{"href":"https:\/\/varosinfo.hu\/gazdagret\/wp-json\/wp\/v2\/posts"}],"about":[{"href":"https:\/\/varosinfo.hu\/gazdagret\/wp-json\/wp\/v2\/types\/post"}],"author":[{"embeddable":true,"href":"https:\/\/varosinfo.hu\/gazdagret\/wp-json\/wp\/v2\/users\/1"}],"replies":[{"embeddable":true,"href":"https:\/\/varosinfo.hu\/gazdagret\/wp-json\/wp\/v2\/comments?post=367"}],"version-history":[{"count":0,"href":"https:\/\/varosinfo.hu\/gazdagret\/wp-json\/wp\/v2\/posts\/367\/revisions"}],"wp:featuredmedia":[{"embeddable":true,"href":"https:\/\/varosinfo.hu\/gazdagret\/wp-json\/wp\/v2\/media\/393"}],"wp:attachment":[{"href":"https:\/\/varosinfo.hu\/gazdagret\/wp-json\/wp\/v2\/media?parent=367"}],"wp:term":[{"taxonomy":"category","embeddable":true,"href":"https:\/\/varosinfo.hu\/gazdagret\/wp-json\/wp\/v2\/categories?post=367"},{"taxonomy":"post_tag","embeddable":true,"href":"https:\/\/varosinfo.hu\/gazdagret\/wp-json\/wp\/v2\/tags?post=367"}],"curies":[{"name":"wp","href":"https:\/\/api.w.org\/{rel}","templated":true}]}}