{"id":328,"date":"2025-08-22T11:19:13","date_gmt":"2025-08-22T09:19:13","guid":{"rendered":"https:\/\/gazdagret.varosinfo.hu\/?p=328"},"modified":"2025-08-22T11:19:13","modified_gmt":"2025-08-22T09:19:13","slug":"monostorident-fogaszat","status":"publish","type":"post","link":"https:\/\/varosinfo.hu\/gazdagret\/monostorident-fogaszat\/","title":{"rendered":"MonostoriDent fog\u00e1szati rendel\u0151 Gazdagr\u00e9ten"},"content":{"rendered":"\n<p>Al\u00e1bbiakban a MonostoriDent bemutatkoz\u00e1sa olvashat\u00f3:<\/p>\n\n\n\n<blockquote class=\"wp-block-quote is-layout-flow wp-block-quote-is-layout-flow\">\n<p>Prevent\u00edv, p\u00e1ciensk\u00f6zpont\u00fa szeml\u00e9lettel v\u00e1rjuk kedves P\u00e1cienseinket! Sz\u00e1munkra fontos a folyamatos kontroll, a legkisebb probl\u00e9m\u00e1k id\u0151ben val\u00f3 felt\u00e1r\u00e1sa \u00e9s gy\u00f3gy\u00edt\u00e1sa, hogy ne csak akkor keressen fel minket a p\u00e1ciens, amikor m\u00e1r nagyon nagy baj van, rosszabb esetekben igen nagy f\u00e1jdalmai vannak. Term\u00e9szetesen akkor is \u00e1llunk rendelkez\u00e9s\u00e9re, de ha k\u00f6lcs\u00f6n\u00f6s az egy\u00fcttm\u0171k\u00f6d\u00e9s, ezek az esetek h\u00e1tt\u00e9rbe szor\u00edthat\u00f3ak. A prevent\u00edv szeml\u00e9let jegy\u00e9ben nem csak a kis probl\u00e9m\u00e1kat szeretn\u00e9nk id\u0151ben elcs\u00edpni, hanem m\u00e1r azok megel\u0151z\u00e9sek\u00e9nt szem\u00e9lyre szabottan tan\u00e1csot adni az otthoni sz\u00e1j\u00e1pol\u00e1sra, illetve teljes k\u00f6r\u0171 felvil\u00e1gos\u00edt\u00e1st adni&#8230;<\/p>\n<\/blockquote>\n\n\n\n<h2 class=\"wp-block-heading\">El\u00e9rhet\u0151s\u00e9gek<\/h2>\n\n\n\n<ul class=\"wp-block-list\">\n<li>C\u00edm: 1118 Budapest, R\u00e9tk\u00f6z utca 10\/b f\u00f6ldszint 3.<\/li>\n\n\n\n<li>Telefon: +36-30-395-7851<\/li>\n\n\n\n<li>E-mail c\u00edm: monostorident &#8211; kukac &#8211; gmail.com<\/li>\n\n\n\n<li>Facebook: <a href=\"https:\/\/www.facebook.com\/share\/1F35EM8Q46\" target=\"_blank\" rel=\"noreferrer noopener nofollow\">https:\/\/www.facebook.com\/share\/1F35EM8Q46<\/a>\/<\/li>\n<\/ul>\n\n\n\n<h2 class=\"wp-block-heading\">Gal\u00e9ria<\/h2>\n\n\n\n<figure class=\"wp-block-gallery has-nested-images columns-default is-cropped wp-block-gallery-1 is-layout-flex wp-block-gallery-is-layout-flex\">\n<figure data-wp-context=\"{&quot;imageId&quot;:&quot;69f1e1b625867&quot;}\" data-wp-interactive=\"core\/image\" data-wp-key=\"69f1e1b625867\" class=\"wp-block-image size-large wp-lightbox-container\"><img loading=\"lazy\" decoding=\"async\" width=\"1000\" height=\"667\" data-wp-class--hide=\"state.isContentHidden\" data-wp-class--show=\"state.isContentVisible\" data-wp-init=\"callbacks.setButtonStyles\" data-wp-on--click=\"actions.showLightbox\" data-wp-on--load=\"callbacks.setButtonStyles\" data-wp-on-window--resize=\"callbacks.setButtonStyles\" data-id=\"330\" src=\"https:\/\/gazdagret.varosinfo.hu\/wp-content\/uploads\/sites\/8\/2025\/08\/monostori-dent-gazdagret-retkoz-utca-1.jpeg\" alt=\"\" class=\"wp-image-330\" srcset=\"https:\/\/varosinfo.hu\/gazdagret\/wp-content\/uploads\/sites\/2\/2025\/08\/monostori-dent-gazdagret-retkoz-utca-1.jpeg 1000w, https:\/\/varosinfo.hu\/gazdagret\/wp-content\/uploads\/sites\/2\/2025\/08\/monostori-dent-gazdagret-retkoz-utca-1-768x512.jpeg 768w\" sizes=\"auto, (max-width: 1000px) 100vw, 1000px\" \/><button\n\t\t\tclass=\"lightbox-trigger\"\n\t\t\ttype=\"button\"\n\t\t\taria-haspopup=\"dialog\"\n\t\t\taria-label=\"Nagy\u00edt\u00e1s\"\n\t\t\tdata-wp-init=\"callbacks.initTriggerButton\"\n\t\t\tdata-wp-on--click=\"actions.showLightbox\"\n\t\t\tdata-wp-style--right=\"state.imageButtonRight\"\n\t\t\tdata-wp-style--top=\"state.imageButtonTop\"\n\t\t>\n\t\t\t<svg xmlns=\"http:\/\/www.w3.org\/2000\/svg\" width=\"12\" height=\"12\" fill=\"none\" viewBox=\"0 0 12 12\">\n\t\t\t\t<path fill=\"#fff\" d=\"M2 0a2 2 0 0 0-2 2v2h1.5V2a.5.5 0 0 1 .5-.5h2V0H2Zm2 10.5H2a.5.5 0 0 1-.5-.5V8H0v2a2 2 0 0 0 2 2h2v-1.5ZM8 12v-1.5h2a.5.5 0 0 0 .5-.5V8H12v2a2 2 0 0 1-2 2H8Zm2-12a2 2 0 0 1 2 2v2h-1.5V2a.5.5 0 0 0-.5-.5H8V0h2Z\" \/>\n\t\t\t<\/svg>\n\t\t<\/button><\/figure>\n\n\n\n<figure data-wp-context=\"{&quot;imageId&quot;:&quot;69f1e1b625c0b&quot;}\" data-wp-interactive=\"core\/image\" data-wp-key=\"69f1e1b625c0b\" class=\"wp-block-image size-large wp-lightbox-container\"><img loading=\"lazy\" decoding=\"async\" width=\"1000\" height=\"665\" data-wp-class--hide=\"state.isContentHidden\" data-wp-class--show=\"state.isContentVisible\" data-wp-init=\"callbacks.setButtonStyles\" data-wp-on--click=\"actions.showLightbox\" data-wp-on--load=\"callbacks.setButtonStyles\" data-wp-on-window--resize=\"callbacks.setButtonStyles\" data-id=\"329\" src=\"https:\/\/gazdagret.varosinfo.hu\/wp-content\/uploads\/sites\/8\/2025\/08\/monostori-dent-gazdagret-retkoz-utca-2.jpeg\" alt=\"\" class=\"wp-image-329\" srcset=\"https:\/\/varosinfo.hu\/gazdagret\/wp-content\/uploads\/sites\/2\/2025\/08\/monostori-dent-gazdagret-retkoz-utca-2.jpeg 1000w, https:\/\/varosinfo.hu\/gazdagret\/wp-content\/uploads\/sites\/2\/2025\/08\/monostori-dent-gazdagret-retkoz-utca-2-768x511.jpeg 768w\" sizes=\"auto, (max-width: 1000px) 100vw, 1000px\" \/><button\n\t\t\tclass=\"lightbox-trigger\"\n\t\t\ttype=\"button\"\n\t\t\taria-haspopup=\"dialog\"\n\t\t\taria-label=\"Nagy\u00edt\u00e1s\"\n\t\t\tdata-wp-init=\"callbacks.initTriggerButton\"\n\t\t\tdata-wp-on--click=\"actions.showLightbox\"\n\t\t\tdata-wp-style--right=\"state.imageButtonRight\"\n\t\t\tdata-wp-style--top=\"state.imageButtonTop\"\n\t\t>\n\t\t\t<svg xmlns=\"http:\/\/www.w3.org\/2000\/svg\" width=\"12\" height=\"12\" fill=\"none\" viewBox=\"0 0 12 12\">\n\t\t\t\t<path fill=\"#fff\" d=\"M2 0a2 2 0 0 0-2 2v2h1.5V2a.5.5 0 0 1 .5-.5h2V0H2Zm2 10.5H2a.5.5 0 0 1-.5-.5V8H0v2a2 2 0 0 0 2 2h2v-1.5ZM8 12v-1.5h2a.5.5 0 0 0 .5-.5V8H12v2a2 2 0 0 1-2 2H8Zm2-12a2 2 0 0 1 2 2v2h-1.5V2a.5.5 0 0 0-.5-.5H8V0h2Z\" \/>\n\t\t\t<\/svg>\n\t\t<\/button><\/figure>\n<\/figure>\n","protected":false},"excerpt":{"rendered":"<p>2025. nyar\u00e1n nyitott egy \u00faj, modern rendel\u0151 Gazdagr\u00e9ten, de Dr. Monostori P\u00e9ter fogorvos \u00e9s \u0150zse Judit dent\u00e1lhigi\u00e9nikus m\u00f6g\u00f6tt m\u00e1r 10 \u00e9ves tapasztalat van.<\/p>\n","protected":false},"author":1,"featured_media":330,"comment_status":"closed","ping_status":"closed","sticky":false,"template":"","format":"standard","meta":{"footnotes":""},"categories":[12,23],"tags":[29,31,32,44,45],"class_list":["post-328","post","type-post","status-publish","format-standard","has-post-thumbnail","hentry","category-egeszsegugyi-szolgaltatas","category-retkoz-utca","tag-dentalhigienikus","tag-fogaszat","tag-fogorvos","tag-orvos","tag-rendelo"],"_links":{"self":[{"href":"https:\/\/varosinfo.hu\/gazdagret\/wp-json\/wp\/v2\/posts\/328","targetHints":{"allow":["GET"]}}],"collection":[{"href":"https:\/\/varosinfo.hu\/gazdagret\/wp-json\/wp\/v2\/posts"}],"about":[{"href":"https:\/\/varosinfo.hu\/gazdagret\/wp-json\/wp\/v2\/types\/post"}],"author":[{"embeddable":true,"href":"https:\/\/varosinfo.hu\/gazdagret\/wp-json\/wp\/v2\/users\/1"}],"replies":[{"embeddable":true,"href":"https:\/\/varosinfo.hu\/gazdagret\/wp-json\/wp\/v2\/comments?post=328"}],"version-history":[{"count":0,"href":"https:\/\/varosinfo.hu\/gazdagret\/wp-json\/wp\/v2\/posts\/328\/revisions"}],"wp:featuredmedia":[{"embeddable":true,"href":"https:\/\/varosinfo.hu\/gazdagret\/wp-json\/wp\/v2\/media\/330"}],"wp:attachment":[{"href":"https:\/\/varosinfo.hu\/gazdagret\/wp-json\/wp\/v2\/media?parent=328"}],"wp:term":[{"taxonomy":"category","embeddable":true,"href":"https:\/\/varosinfo.hu\/gazdagret\/wp-json\/wp\/v2\/categories?post=328"},{"taxonomy":"post_tag","embeddable":true,"href":"https:\/\/varosinfo.hu\/gazdagret\/wp-json\/wp\/v2\/tags?post=328"}],"curies":[{"name":"wp","href":"https:\/\/api.w.org\/{rel}","templated":true}]}}