{"id":286,"date":"2025-08-20T10:45:13","date_gmt":"2025-08-20T08:45:13","guid":{"rendered":"https:\/\/gazdagret.varosinfo.hu\/?p=286"},"modified":"2025-08-20T10:45:13","modified_gmt":"2025-08-20T08:45:13","slug":"elvarazsolt-jatszoter-gazdagreten","status":"publish","type":"post","link":"https:\/\/varosinfo.hu\/gazdagret\/elvarazsolt-jatszoter-gazdagreten\/","title":{"rendered":"Elvar\u00e1zsolt j\u00e1tsz\u00f3t\u00e9r Gazdagr\u00e9ten"},"content":{"rendered":"\n<p>A ker\u00edt\u00e9ssel \u00e9s h\u00e1rom bej\u00e1rattal k\u00f6r\u00fclhat\u00e1rolt helyen egy nagy, kett\u00e9osztott homokoz\u00f3, k\u00e9t kicsiknek \u00e9s k\u00e9t nagyoknak sz\u00f3l\u00f3 hinta, valamint k\u00e9t m\u00e1sz\u00f3ka is t\u00e1lalhat\u00f3.<\/p>\n\n\n\n<p>Emellett rug\u00f3s lovacska, \u00e9s szint\u00fagy rug\u00f3s h\u00e1rom \u00fcl\u00e9ses libik\u00f3ka.<\/p>\n\n\n\n<hr class=\"wp-block-separator has-alpha-channel-opacity\" \/>\n\n\n\n<p>Nyitvatart\u00e1s: minden nap 8:00-t\u00f3l s\u00f6t\u00e9ted\u00e9sig<\/p>\n\n\n\n<p>A j\u00e1tsz\u00f3teret mindenki a saj\u00e1t felel\u0151ss\u00e9g\u00e9re haszn\u00e1lhatja. A j\u00e1tsz\u00f3t\u00e9r tisztas\u00e1ga \u00e9s gyermekeink biztons\u00e1ga \u00e9rdek\u00e9ben:<\/p>\n\n\n\n<ul class=\"wp-block-list\">\n<li>a kaput csukja be maga m\u00f6g\u00f6tt<\/li>\n\n\n\n<li>\u00f3vja a n\u00f6v\u00e9nyzetet<\/li>\n\n\n\n<li>a szemetet a kuk\u00e1ba dobja<\/li>\n\n\n\n<li>vigy\u00e1zzon a j\u00e1tsz\u00f3t\u00e9ri eszk\u00f6z\u00f6kre.<\/li>\n<\/ul>\n\n\n\n<p>A j\u00e1tsz\u00f3t\u00e9ren tilos doh\u00e1nyozni, alkoholt fogysaztani, szemetelni \u00e9s kis\u00e1llatot tartani.<\/p>\n\n\n\n<p>A j\u00e1tsz\u00f3t\u00e9rrel kapcsolatos bejelent\u00e9sek (hibabjelent\u00e9s, nyit\u00e1s-z\u00e1r\u00e1s):<\/p>\n\n\n\n<p>\u00dajbuda K\u00f6zter\u00fclet-fel\u00fcgyelet (0-24 \u00f3r\u00e1ban h\u00edvhat\u00f3)<br>+3616886999<\/p>\n\n\n\n<p><\/p>\n","protected":false},"excerpt":{"rendered":"<p>A Reg\u0151s k\u00f6zben k\u00e9t j\u00e1tsz\u00f3t\u00e9r is t\u00e1lalhat\u00f3 egym\u00e1s mellett. Az \u00fagynevezett KRESZ-p\u00e1lya mellett az Elvar\u00e1zsolt j\u00e1tsz\u00f3t\u00e9r v\u00e1rja a gyerekeket.<\/p>\n","protected":false},"author":1,"featured_media":294,"comment_status":"closed","ping_status":"closed","sticky":false,"template":"","format":"standard","meta":{"footnotes":""},"categories":[3,21],"tags":[36,39],"class_list":["post-286","post","type-post","status-publish","format-standard","has-post-thumbnail","hentry","category-informacio","category-regos-koz","tag-gyermek","tag-jatszoter"],"_links":{"self":[{"href":"https:\/\/varosinfo.hu\/gazdagret\/wp-json\/wp\/v2\/posts\/286","targetHints":{"allow":["GET"]}}],"collection":[{"href":"https:\/\/varosinfo.hu\/gazdagret\/wp-json\/wp\/v2\/posts"}],"about":[{"href":"https:\/\/varosinfo.hu\/gazdagret\/wp-json\/wp\/v2\/types\/post"}],"author":[{"embeddable":true,"href":"https:\/\/varosinfo.hu\/gazdagret\/wp-json\/wp\/v2\/users\/1"}],"replies":[{"embeddable":true,"href":"https:\/\/varosinfo.hu\/gazdagret\/wp-json\/wp\/v2\/comments?post=286"}],"version-history":[{"count":0,"href":"https:\/\/varosinfo.hu\/gazdagret\/wp-json\/wp\/v2\/posts\/286\/revisions"}],"wp:featuredmedia":[{"embeddable":true,"href":"https:\/\/varosinfo.hu\/gazdagret\/wp-json\/wp\/v2\/media\/294"}],"wp:attachment":[{"href":"https:\/\/varosinfo.hu\/gazdagret\/wp-json\/wp\/v2\/media?parent=286"}],"wp:term":[{"taxonomy":"category","embeddable":true,"href":"https:\/\/varosinfo.hu\/gazdagret\/wp-json\/wp\/v2\/categories?post=286"},{"taxonomy":"post_tag","embeddable":true,"href":"https:\/\/varosinfo.hu\/gazdagret\/wp-json\/wp\/v2\/tags?post=286"}],"curies":[{"name":"wp","href":"https:\/\/api.w.org\/{rel}","templated":true}]}}