{"id":274,"date":"2025-08-18T01:05:41","date_gmt":"2025-08-17T23:05:41","guid":{"rendered":"https:\/\/gazdagret.varosinfo.hu\/?p=274"},"modified":"2025-08-18T01:05:41","modified_gmt":"2025-08-17T23:05:41","slug":"mehecske-jatszoter","status":"publish","type":"post","link":"https:\/\/varosinfo.hu\/gazdagret\/mehecske-jatszoter\/","title":{"rendered":"M\u00e9hecske j\u00e1tsz\u00f3t\u00e9r Gazdagr\u00e9ten"},"content":{"rendered":"\n<p>A j\u00e1tsz\u00f3t\u00e9ren egy z\u00f6ld s\u00e1rk\u00e1nyos cs\u00faszda, egy nagy homokoz\u00f3 \u00e9s t\u00f6bb hinta is tal\u00e1lhat\u00f3. V\u00edzv\u00e9teli lehet\u0151s\u00e9g van egy csap \u00e1ltal.<\/p>\n","protected":false},"excerpt":{"rendered":"<p>A M\u00e9hecske j\u00e1tsz\u00f3t\u00e9r Gazdagr\u00e9ten a Kapt\u00e1rk\u0151 utc\u00e1ban tal\u00e1lhat\u00f3.<\/p>\n","protected":false},"author":1,"featured_media":275,"comment_status":"closed","ping_status":"closed","sticky":false,"template":"","format":"standard","meta":{"footnotes":""},"categories":[3,18],"tags":[36,39],"class_list":["post-274","post","type-post","status-publish","format-standard","has-post-thumbnail","hentry","category-informacio","category-kaptarko-utca","tag-gyermek","tag-jatszoter"],"_links":{"self":[{"href":"https:\/\/varosinfo.hu\/gazdagret\/wp-json\/wp\/v2\/posts\/274","targetHints":{"allow":["GET"]}}],"collection":[{"href":"https:\/\/varosinfo.hu\/gazdagret\/wp-json\/wp\/v2\/posts"}],"about":[{"href":"https:\/\/varosinfo.hu\/gazdagret\/wp-json\/wp\/v2\/types\/post"}],"author":[{"embeddable":true,"href":"https:\/\/varosinfo.hu\/gazdagret\/wp-json\/wp\/v2\/users\/1"}],"replies":[{"embeddable":true,"href":"https:\/\/varosinfo.hu\/gazdagret\/wp-json\/wp\/v2\/comments?post=274"}],"version-history":[{"count":0,"href":"https:\/\/varosinfo.hu\/gazdagret\/wp-json\/wp\/v2\/posts\/274\/revisions"}],"wp:featuredmedia":[{"embeddable":true,"href":"https:\/\/varosinfo.hu\/gazdagret\/wp-json\/wp\/v2\/media\/275"}],"wp:attachment":[{"href":"https:\/\/varosinfo.hu\/gazdagret\/wp-json\/wp\/v2\/media?parent=274"}],"wp:term":[{"taxonomy":"category","embeddable":true,"href":"https:\/\/varosinfo.hu\/gazdagret\/wp-json\/wp\/v2\/categories?post=274"},{"taxonomy":"post_tag","embeddable":true,"href":"https:\/\/varosinfo.hu\/gazdagret\/wp-json\/wp\/v2\/tags?post=274"}],"curies":[{"name":"wp","href":"https:\/\/api.w.org\/{rel}","templated":true}]}}