{"id":265,"date":"2025-08-11T19:31:51","date_gmt":"2025-08-11T17:31:51","guid":{"rendered":"https:\/\/gazdagret.varosinfo.hu\/?p=265"},"modified":"2025-08-11T19:31:51","modified_gmt":"2025-08-11T17:31:51","slug":"kihez-forduljunk-csotores-eseten-ujbudan","status":"publish","type":"post","link":"https:\/\/varosinfo.hu\/gazdagret\/kihez-forduljunk-csotores-eseten-ujbudan\/","title":{"rendered":"Kihez forduljunk cs\u0151t\u00f6r\u00e9s eset\u00e9n \u00dajbud\u00e1n?"},"content":{"rendered":"\n<p>K\u00f6zter\u00fcleten \u00e9szlelt, cs\u0151t\u00f6r\u00e9sre vagy v\u00edzsziv\u00e1rg\u00e1sra utal\u00f3 jelek, valamint s\u00e9r\u00fclt (megrong\u00e1lt, cs\u00f6p\u00f6g\u0151) t\u0171zcsapok bejelent\u00e9s\u00e9t, tov\u00e1bb\u00e1 csatornam\u0171t\u00e1rgyak (p\u00e9ld\u00e1ul fedlapok, v\u00edznyel\u0151k, stb.) meghib\u00e1sod\u00e1s\u00e1nak, esetleg elt\u0171n\u00e9s\u00e9nek, valamint telekhat\u00e1ron k\u00edv\u00fcli (bek\u00f6t\u0151vezet\u00e9k, gerinccsatorna) dugul\u00e1sok bejelent\u00e9se:<\/p>\n\n\n\n<p>\u00c9rtes\u00edtend\u0151: F\u0151v\u00e1rosi Csatorn\u00e1z\u00e1si M\u0171vek<\/p>\n\n\n\n<p>Z\u00f6ld sz\u00e1m: +3680455000<\/p>\n\n\n\n<p>Telefon: +3614554200 vagy +3614554123<\/p>\n\n\n\n<p>E-mail: ugyelet &#8211; kukac &#8211; fcsm.hu<\/p>\n\n\n\n<p><\/p>\n","protected":false},"excerpt":{"rendered":"<p>K\u00f6zter\u00fcleten \u00e9szlelt, cs\u0151t\u00f6r\u00e9sre vagy v\u00edzsziv\u00e1rg\u00e1sra utal\u00f3 jelek, valamint s\u00e9r\u00fclt t\u0171zcsapok bejelent\u00e9se.<\/p>\n","protected":false},"author":1,"featured_media":266,"comment_status":"closed","ping_status":"closed","sticky":true,"template":"","format":"standard","meta":{"footnotes":""},"categories":[3],"tags":[],"class_list":["post-265","post","type-post","status-publish","format-standard","has-post-thumbnail","hentry","category-informacio"],"_links":{"self":[{"href":"https:\/\/varosinfo.hu\/gazdagret\/wp-json\/wp\/v2\/posts\/265","targetHints":{"allow":["GET"]}}],"collection":[{"href":"https:\/\/varosinfo.hu\/gazdagret\/wp-json\/wp\/v2\/posts"}],"about":[{"href":"https:\/\/varosinfo.hu\/gazdagret\/wp-json\/wp\/v2\/types\/post"}],"author":[{"embeddable":true,"href":"https:\/\/varosinfo.hu\/gazdagret\/wp-json\/wp\/v2\/users\/1"}],"replies":[{"embeddable":true,"href":"https:\/\/varosinfo.hu\/gazdagret\/wp-json\/wp\/v2\/comments?post=265"}],"version-history":[{"count":0,"href":"https:\/\/varosinfo.hu\/gazdagret\/wp-json\/wp\/v2\/posts\/265\/revisions"}],"wp:featuredmedia":[{"embeddable":true,"href":"https:\/\/varosinfo.hu\/gazdagret\/wp-json\/wp\/v2\/media\/266"}],"wp:attachment":[{"href":"https:\/\/varosinfo.hu\/gazdagret\/wp-json\/wp\/v2\/media?parent=265"}],"wp:term":[{"taxonomy":"category","embeddable":true,"href":"https:\/\/varosinfo.hu\/gazdagret\/wp-json\/wp\/v2\/categories?post=265"},{"taxonomy":"post_tag","embeddable":true,"href":"https:\/\/varosinfo.hu\/gazdagret\/wp-json\/wp\/v2\/tags?post=265"}],"curies":[{"name":"wp","href":"https:\/\/api.w.org\/{rel}","templated":true}]}}