{"id":244,"date":"2025-07-30T20:44:31","date_gmt":"2025-07-30T18:44:31","guid":{"rendered":"https:\/\/gazdagret.varosinfo.hu\/?p=244"},"modified":"2025-07-30T20:44:31","modified_gmt":"2025-07-30T18:44:31","slug":"szavazas-a-gazdagreti-lidl-aruhaz-felepiteserol","status":"publish","type":"post","link":"https:\/\/varosinfo.hu\/gazdagret\/szavazas-a-gazdagreti-lidl-aruhaz-felepiteserol\/","title":{"rendered":"Szavaz\u00e1s a gazdagr\u00e9ti Lidl \u00c1ruh\u00e1z fel\u00e9p\u00edt\u00e9s\u00e9r\u0151l"},"content":{"rendered":"\n<p>Al\u00e1bbiakban a Gazdagr\u00e9tiek a Term\u00e9szet\u00e9rt Egyes\u00fclet \u00e1ltal megfogalmazottak olvashat\u00f3ak, melynek honlapja: <a href=\"https:\/\/gogate.hu\/\" target=\"_blank\" rel=\"noreferrer noopener\">https:\/\/gogate.hu<\/a><\/p>\n\n\n\n<hr class=\"wp-block-separator has-alpha-channel-opacity\" \/>\n\n\n\n<p>Online \u00e9s szem\u00e9lyesen is lehet szavazni azoknak, akik lak\u00f3hely\u00fck alapj\u00e1n arra jogosultak. Online 2025. j\u00falius 28. \u00e9s augusztus 10. k\u00f6z\u00f6tt. Szem\u00e9lyesen augusztus 9-\u00e9n 8:0 &#8211; 11:00 -ig a Nagyszeben t\u00e9ri piacon \u00e9s augusztus 10-\u00e9n 9:00 &#8211; 12:00-ig a Szentangyalok Pl\u00e9b\u00e1nia udvar\u00e1n (lakc\u00edmk\u00e1rty\u00e1val).<\/p>\n\n\n\n<p>D\u00f6nt\u00e9se \u00e9vtizedekre vel\u00fcnk marad! Szavazat\u00e1val saj\u00e1t \u00e9lete min\u0151s\u00e9g\u00e9t, gyermekei j\u00f6v\u0151j\u00e9t \u00e9s k\u00f6rnyezete \u00e1llapot\u00e1t hat\u00e1rozza meg.<\/p>\n\n\n\n<h2 class=\"wp-block-heading\">Mi v\u00e1rhat\u00f3, ha meg\u00e9p\u00fcl a LIDL?<\/h2>\n\n\n\n<ul class=\"wp-block-list\">\n<li>Z\u00f6ldfel\u00fclet- \u00e9s lombt\u00f6meg-cs\u00f6kken\u00e9s (sz\u00e1zn\u00e1l j\u00f3val t\u00f6bb fa kiv\u00e1g\u00e1sa): kevesebb oxig\u00e9n, kevesebb pormegk\u00f6t\u00e9s.<\/li>\n\n\n\n<li>A parkol\u00f3ba telep\u00edtett f\u00e1k fele azonnal kipusztul, m\u00e1sik fele csenev\u00e9sz marad: nem k\u00e9pesek p\u00f3tolni a m\u00e1r megl\u00e9v\u0151 z\u00f6ldfel\u00fclet term\u00e9szetei szolg\u00e1ltat\u00e1sait.<\/li>\n\n\n\n<li>Roml\u00f3 mikrokl\u00edma: a ny\u00e1ri h\u0151s\u00e9gben n\u0151 a h\u0151szigethat\u00e1s, a k\u00f6rny\u00e9k sz\u00e1razabb\u00e1 v\u00e1lik.<\/li>\n\n\n\n<li>Forgalom- \u00e9s zajn\u00f6veked\u00e9s, l\u00e9gszennyez\u00e9s fokoz\u00f3d\u00e1sa.<\/li>\n\n\n\n<li>A hatalmas burkolt fel\u00fclet (kb. 150 f\u00e9r\u0151helyes parkol\u00f3) nem k\u00e9pes besz\u00edvni az es\u0151t: vill\u00e1m\u00e1rv\u00edz-kock\u00e1zat n\u0151.<\/li>\n<\/ul>\n\n\n\n<p><strong>R\u00e1ad\u00e1sul:<\/strong><\/p>\n\n\n\n<ul class=\"wp-block-list\">\n<li>A lakoss\u00e1g nem terveket, csak l\u00e1tv\u00e1nyos, tartalom n\u00e9lk\u00fcli skicceket kapott. A hirdet\u00e9seken kitakarj\u00e1k a hatalmas parkol\u00f3t, &#8222;z\u00f6ldre festet&#8221; tet\u0151vel \u00e9s rajzolt f\u00e1kkal pr\u00f3b\u00e1lj\u00e1k elfedni a z\u00f6ldter\u00fclet cs\u00f6kken\u00e9s\u00e9t.<\/li>\n<\/ul>\n\n\n\n<hr class=\"wp-block-separator has-alpha-channel-opacity\" \/>\n\n\n\n<p>Az Egyes\u00fclet tov\u00e1bbi kapcsol\u00f3d\u00f3 tartalma itt \u00e9rhet\u0151 el:<\/p>\n\n\n\n<p><a href=\"https:\/\/gogate.hu\/LIDL%20beruhazas\/\" target=\"_blank\" rel=\"noreferrer noopener\">https:\/\/gogate.hu\/LIDL beruhazas<\/a><\/p>\n\n\n\n<p>Tov\u00e1bbi hivatalos inform\u00e1ci\u00f3 a ker\u00fclet honlapj\u00e1n:<\/p>\n\n\n\n<p><a href=\"https:\/\/www.ujbuda.hu\/szavazas-a-gazdagreti-lidl-aruhaz-felepiteserol\" target=\"_blank\" rel=\"noreferrer noopener\">https:\/\/www.ujbuda.hu\/szavazas-a-gazdagreti-lidl-aruhaz-felepiteserol<\/a><\/p>\n","protected":false},"excerpt":{"rendered":"<p>2025. j\u00falius 28. \u00e9s augusztus 10-e k\u00f6z\u00f6tt szavaz\u00e1s zajlik a Gazdagr\u00e9ti Tanuszoda alatt \u00e9s m\u00f6g\u00f6tt tal\u00e1lhat\u00f3 z\u00f6ldter\u00fclet be\u00e9p\u00edt\u00e9s\u00e9r\u0151l.<\/p>\n","protected":false},"author":1,"featured_media":264,"comment_status":"closed","ping_status":"closed","sticky":false,"template":"","format":"standard","meta":{"footnotes":""},"categories":[2],"tags":[28],"class_list":["post-244","post","type-post","status-publish","format-standard","has-post-thumbnail","hentry","category-hirek","tag-bolt"],"_links":{"self":[{"href":"https:\/\/varosinfo.hu\/gazdagret\/wp-json\/wp\/v2\/posts\/244","targetHints":{"allow":["GET"]}}],"collection":[{"href":"https:\/\/varosinfo.hu\/gazdagret\/wp-json\/wp\/v2\/posts"}],"about":[{"href":"https:\/\/varosinfo.hu\/gazdagret\/wp-json\/wp\/v2\/types\/post"}],"author":[{"embeddable":true,"href":"https:\/\/varosinfo.hu\/gazdagret\/wp-json\/wp\/v2\/users\/1"}],"replies":[{"embeddable":true,"href":"https:\/\/varosinfo.hu\/gazdagret\/wp-json\/wp\/v2\/comments?post=244"}],"version-history":[{"count":0,"href":"https:\/\/varosinfo.hu\/gazdagret\/wp-json\/wp\/v2\/posts\/244\/revisions"}],"wp:featuredmedia":[{"embeddable":true,"href":"https:\/\/varosinfo.hu\/gazdagret\/wp-json\/wp\/v2\/media\/264"}],"wp:attachment":[{"href":"https:\/\/varosinfo.hu\/gazdagret\/wp-json\/wp\/v2\/media?parent=244"}],"wp:term":[{"taxonomy":"category","embeddable":true,"href":"https:\/\/varosinfo.hu\/gazdagret\/wp-json\/wp\/v2\/categories?post=244"},{"taxonomy":"post_tag","embeddable":true,"href":"https:\/\/varosinfo.hu\/gazdagret\/wp-json\/wp\/v2\/tags?post=244"}],"curies":[{"name":"wp","href":"https:\/\/api.w.org\/{rel}","templated":true}]}}