{"id":16,"date":"2021-08-02T15:30:31","date_gmt":"2021-08-02T13:30:31","guid":{"rendered":"https:\/\/www.wprenter.com\/gazdagretinfo\/?p=16"},"modified":"2021-08-02T15:30:31","modified_gmt":"2021-08-02T13:30:31","slug":"grannys-cake-and-bake","status":"publish","type":"post","link":"https:\/\/varosinfo.hu\/gazdagret\/grannys-cake-and-bake\/","title":{"rendered":"Granny\u2019s Cake and Bake &#8211; Frankhegy utca 2."},"content":{"rendered":"\n<p>Pit\u00e9k, sajttort\u00e1k, muffinok, tort\u00e1k, fagylalt, k\u00e1v\u00e9, capuccino, jeges k\u00e1v\u00e9, latte machiato, keny\u00e9r, bagett, kifli, zsemle, kaka\u00f3s csiga, croissant, kal\u00e1cs \u00e9s m\u00e9g tov\u00e1bbi sok-sok finoms\u00e1g.<\/p>\n\n\n\n<h2 class=\"wp-block-heading\">El\u00e9rhet\u0151s\u00e9gek<\/h2>\n\n\n\n<p>C\u00edm: 1118 Budapest, Frankhegy utca 2.<\/p>\n\n\n\n<p>Nyitvatart\u00e1si rend:<\/p>\n\n\n\n<ul class=\"wp-block-list\">\n<li>h\u00e9tf\u0151: z\u00e1rva<\/li>\n\n\n\n<li>kedd &#8211; p\u00e9ntek: 07:30 &#8211; 18:30 *<\/li>\n\n\n\n<li>szombat: 08:00 &#8211; 18:00 *<\/li>\n\n\n\n<li>vas\u00e1rnap: z\u00e1rva<\/li>\n<\/ul>\n\n\n\n<p> * minden nap eb\u00e9did\u0151ben z\u00e1rva: 12:00 &#8211; 14:00 <\/p>\n\n\n\n<p>K\u00f6z\u00f6ss\u00e9gi oldalak: <\/p>\n\n\n\n<ul class=\"wp-block-list\">\n<li>Facebook: <a href=\"https:\/\/www.facebook.com\/Grannys-Cake-and-Bake-103354232026601\" target=\"_blank\" rel=\"noreferrer noopener\">@Grannys-Cake-and-Bake-103354232026601<\/a><\/li>\n<\/ul>\n","protected":false},"excerpt":{"rendered":"<p>Kis csal\u00e1di s\u00fctibolt \u00e9s p\u00e9ks\u00e9g Gazdagr\u00e9ten a Frankhegy utca elej\u00e9n, ahol ak\u00e1r bent, ak\u00e1r kint helyet lehet foglalni.<\/p>\n","protected":false},"author":1,"featured_media":17,"comment_status":"closed","ping_status":"closed","sticky":false,"template":"","format":"standard","meta":{"footnotes":""},"categories":[11,14],"tags":[],"class_list":["post-16","post","type-post","status-publish","format-standard","has-post-thumbnail","hentry","category-cukraszda-kavezo-pekseg","category-frankhegy-utca"],"_links":{"self":[{"href":"https:\/\/varosinfo.hu\/gazdagret\/wp-json\/wp\/v2\/posts\/16","targetHints":{"allow":["GET"]}}],"collection":[{"href":"https:\/\/varosinfo.hu\/gazdagret\/wp-json\/wp\/v2\/posts"}],"about":[{"href":"https:\/\/varosinfo.hu\/gazdagret\/wp-json\/wp\/v2\/types\/post"}],"author":[{"embeddable":true,"href":"https:\/\/varosinfo.hu\/gazdagret\/wp-json\/wp\/v2\/users\/1"}],"replies":[{"embeddable":true,"href":"https:\/\/varosinfo.hu\/gazdagret\/wp-json\/wp\/v2\/comments?post=16"}],"version-history":[{"count":0,"href":"https:\/\/varosinfo.hu\/gazdagret\/wp-json\/wp\/v2\/posts\/16\/revisions"}],"wp:featuredmedia":[{"embeddable":true,"href":"https:\/\/varosinfo.hu\/gazdagret\/wp-json\/wp\/v2\/media\/17"}],"wp:attachment":[{"href":"https:\/\/varosinfo.hu\/gazdagret\/wp-json\/wp\/v2\/media?parent=16"}],"wp:term":[{"taxonomy":"category","embeddable":true,"href":"https:\/\/varosinfo.hu\/gazdagret\/wp-json\/wp\/v2\/categories?post=16"},{"taxonomy":"post_tag","embeddable":true,"href":"https:\/\/varosinfo.hu\/gazdagret\/wp-json\/wp\/v2\/tags?post=16"}],"curies":[{"name":"wp","href":"https:\/\/api.w.org\/{rel}","templated":true}]}}