{"id":147,"date":"2022-03-18T11:26:54","date_gmt":"2022-03-18T10:26:54","guid":{"rendered":"https:\/\/www.telepulesinfo.hu\/gazdagret\/?p=147"},"modified":"2022-03-18T11:26:54","modified_gmt":"2022-03-18T10:26:54","slug":"kaffeine-espresso-bar-budawest","status":"publish","type":"post","link":"https:\/\/varosinfo.hu\/gazdagret\/kaffeine-espresso-bar-budawest\/","title":{"rendered":"Kaffeine Espresso Bar BudaWest"},"content":{"rendered":"\n<p>Babk\u00e1k k\u00edn\u00e1lata: piszt\u00e1ci\u00e1s, pek\u00e1ndi\u00f3s, dupla belga csokis, nutell\u00e1s, m\u00e1ln\u00e1s \u00e9s epres.<\/p>\n\n\n\n<p>C\u00edm: BudaWest irodah\u00e1z f\u00f6ldszint, R\u00e9tk\u00f6z u. 5.<\/p>\n\n\n\n<p>Nyitva: p\u00e9nteken 7.30 &#8211; 19.00, h\u00e9tv\u00e9g\u00e9n 9.00 &#8211; 18.00<\/p>\n\n\n\n<p>Honlap: &#8211;<\/p>\n\n\n\n<p>Facebook: <a href=\"https:\/\/www.facebook.com\/kaffeinewest\/\" target=\"_blank\" rel=\"noreferrer noopener\">https:\/\/www.<\/a><a href=\"https:\/\/www.facebook.com\/kaffeinewest\/\" target=\"_blank\" rel=\"noreferrer noopener nofollow\">facebook.com\/kaffeinewest\/<\/a><\/p>\n","protected":false},"excerpt":{"rendered":"<p>Babk\u00e1k k\u00edn\u00e1lata: piszt\u00e1ci\u00e1s, pek\u00e1ndi\u00f3s, dupla belga csokis, nutell\u00e1s, m\u00e1ln\u00e1s \u00e9s epres. C\u00edm: BudaWest irodah\u00e1z f\u00f6ldszint,&#8230;<\/p>\n","protected":false},"author":1,"featured_media":148,"comment_status":"closed","ping_status":"closed","sticky":false,"template":"","format":"standard","meta":{"footnotes":""},"categories":[11,23],"tags":[],"class_list":["post-147","post","type-post","status-publish","format-standard","has-post-thumbnail","hentry","category-cukraszda-kavezo-pekseg","category-retkoz-utca"],"_links":{"self":[{"href":"https:\/\/varosinfo.hu\/gazdagret\/wp-json\/wp\/v2\/posts\/147","targetHints":{"allow":["GET"]}}],"collection":[{"href":"https:\/\/varosinfo.hu\/gazdagret\/wp-json\/wp\/v2\/posts"}],"about":[{"href":"https:\/\/varosinfo.hu\/gazdagret\/wp-json\/wp\/v2\/types\/post"}],"author":[{"embeddable":true,"href":"https:\/\/varosinfo.hu\/gazdagret\/wp-json\/wp\/v2\/users\/1"}],"replies":[{"embeddable":true,"href":"https:\/\/varosinfo.hu\/gazdagret\/wp-json\/wp\/v2\/comments?post=147"}],"version-history":[{"count":0,"href":"https:\/\/varosinfo.hu\/gazdagret\/wp-json\/wp\/v2\/posts\/147\/revisions"}],"wp:featuredmedia":[{"embeddable":true,"href":"https:\/\/varosinfo.hu\/gazdagret\/wp-json\/wp\/v2\/media\/148"}],"wp:attachment":[{"href":"https:\/\/varosinfo.hu\/gazdagret\/wp-json\/wp\/v2\/media?parent=147"}],"wp:term":[{"taxonomy":"category","embeddable":true,"href":"https:\/\/varosinfo.hu\/gazdagret\/wp-json\/wp\/v2\/categories?post=147"},{"taxonomy":"post_tag","embeddable":true,"href":"https:\/\/varosinfo.hu\/gazdagret\/wp-json\/wp\/v2\/tags?post=147"}],"curies":[{"name":"wp","href":"https:\/\/api.w.org\/{rel}","templated":true}]}}