{"id":111,"date":"2021-08-08T13:00:19","date_gmt":"2021-08-08T11:00:19","guid":{"rendered":"https:\/\/www.gazdagret.info\/?p=53"},"modified":"2021-08-08T13:00:19","modified_gmt":"2021-08-08T11:00:19","slug":"mrmosi-regos-utca-9","status":"publish","type":"post","link":"https:\/\/varosinfo.hu\/gazdagret\/mrmosi-regos-utca-9\/","title":{"rendered":"MrMosi &#8211; Reg\u0151s utca 9."},"content":{"rendered":"\n<p>\u00d6nkiszolg\u00e1l\u00f3 mosoda. Ha \u00f6sszegy\u0171lt a sok szennyes mosd ki egyszerre nagym\u00e9ret\u0171 g\u00e9peinkkel, \u00e9s m\u00e9g teregetni sem kell.&nbsp;K\u00e1rpittiszt\u00edt\u00f3g\u00e9p b\u00e9rl\u00e9s r\u00e9szletek \u00e9s foglal\u00e1s a honlapon.<\/p>\n\n\n\n<p>C\u00edm: 1118 Budapest, Reg\u0151s utca 9.<\/p>\n\n\n\n<p>Nyitvatart\u00e1si rend:<\/p>\n\n\n\n<ul class=\"wp-block-list\"><li>h\u00e9tf\u0151 &#8211; vas\u00e1rnap: 06:00 &#8211; 22:00<\/li><\/ul>\n\n\n\n<p>Honlap: <a href=\"https:\/\/www.mrmosi.hu\" target=\"_blank\" rel=\"noreferrer noopener\">https:\/\/www.mrmosi.hu<\/a><\/p>\n","protected":false},"excerpt":{"rendered":"<p>\u00d6nkiszolg\u00e1l\u00f3 mosoda. Ha \u00f6sszegy\u0171lt a sok szennyes mosd ki egyszerre nagym\u00e9ret\u0171 g\u00e9peinkkel, \u00e9s m\u00e9g teregetni&#8230;<\/p>\n","protected":false},"author":1,"featured_media":71,"comment_status":"closed","ping_status":"open","sticky":false,"template":"","format":"standard","meta":{"footnotes":""},"categories":[22,25],"tags":[],"class_list":["post-111","post","type-post","status-publish","format-standard","has-post-thumbnail","hentry","category-regos-utca","category-szolgaltatas"],"_links":{"self":[{"href":"https:\/\/varosinfo.hu\/gazdagret\/wp-json\/wp\/v2\/posts\/111","targetHints":{"allow":["GET"]}}],"collection":[{"href":"https:\/\/varosinfo.hu\/gazdagret\/wp-json\/wp\/v2\/posts"}],"about":[{"href":"https:\/\/varosinfo.hu\/gazdagret\/wp-json\/wp\/v2\/types\/post"}],"author":[{"embeddable":true,"href":"https:\/\/varosinfo.hu\/gazdagret\/wp-json\/wp\/v2\/users\/1"}],"replies":[{"embeddable":true,"href":"https:\/\/varosinfo.hu\/gazdagret\/wp-json\/wp\/v2\/comments?post=111"}],"version-history":[{"count":0,"href":"https:\/\/varosinfo.hu\/gazdagret\/wp-json\/wp\/v2\/posts\/111\/revisions"}],"wp:featuredmedia":[{"embeddable":true,"href":"https:\/\/varosinfo.hu\/gazdagret\/wp-json\/wp\/v2\/media\/71"}],"wp:attachment":[{"href":"https:\/\/varosinfo.hu\/gazdagret\/wp-json\/wp\/v2\/media?parent=111"}],"wp:term":[{"taxonomy":"category","embeddable":true,"href":"https:\/\/varosinfo.hu\/gazdagret\/wp-json\/wp\/v2\/categories?post=111"},{"taxonomy":"post_tag","embeddable":true,"href":"https:\/\/varosinfo.hu\/gazdagret\/wp-json\/wp\/v2\/tags?post=111"}],"curies":[{"name":"wp","href":"https:\/\/api.w.org\/{rel}","templated":true}]}}